{"id":1245,"date":"2021-03-26T11:36:58","date_gmt":"2021-03-26T10:36:58","guid":{"rendered":"http:\/\/psonikamien.org\/?p=1245"},"modified":"2021-04-14T13:21:59","modified_gmt":"2021-04-14T11:21:59","slug":"zapytanie-ofertowe-rozwoj-zakladu-aktywnosci-zawodowej-uslugi-noclegowe","status":"publish","type":"post","link":"http:\/\/psonikamien.org\/?p=1245","title":{"rendered":"Zapytanie ofertowe Rozw\u00f3j zak\u0142adu Aktywno\u015bci Zawodowej -&#8222;Us\u0142ugi noclegowe&#8221;"},"content":{"rendered":"<p align=\"justify\">\n<p align=\"justify\">AKTUALIZACJA 13.04.2021<\/p>\n<p align=\"justify\">PSONI Ko\u0142o w Kamieniu Pomorskim przedstawia informacje o wyborze oferent\u00f3w.<\/p>\n<p align=\"justify\"><a href=\"http:\/\/psonikamien.org\/wp-content\/uploads\/2021\/03\/SKM_C224e21041413280.pdf\">SKM_C224e21041413280<\/a><\/p>\n<p align=\"justify\"><span style=\"color: #030202;\"><span style=\"font-family: Liberation Serif, serif;\"><span style=\"font-size: medium;\">W zwi\u0105zku z realizacj\u0105 projektu pn. <\/span><\/span><\/span><span style=\"color: #030202;\"><span style=\"font-family: Liberation Serif, serif;\"><span style=\"font-size: medium;\"><i>\u201e<\/i><\/span><\/span><\/span><span style=\"color: #030202;\"><span style=\"font-family: Liberation Serif, serif;\"><span style=\"font-size: medium;\"><i>.Rozw\u00f3j Zak\u0142adu Aktywno\u015bci Zawodowej w Kamieniu Pomorskim &#8211; &#8222;Us\u0142ugi noclegowe&#8221;<\/i><\/span><\/span><\/span><span style=\"color: #030202;\"><span style=\"font-family: Liberation Serif, serif;\"><span style=\"font-size: medium;\"><i>\u201d (<\/i><\/span><\/span><\/span><span style=\"color: #030202;\"><span style=\"font-family: Liberation Serif, serif;\"><span style=\"font-size: medium;\"><i>projekt nr .<\/i><\/span><\/span><\/span><span style=\"color: #000000;\"><span style=\"font-family: Liberation Serif, serif;\"><span style=\"font-size: medium;\">RPZP.07.02.00-32-K003\/19<\/span><\/span><\/span><span style=\"color: #000000;\"><span style=\"font-family: Liberation Serif, serif;\"><span style=\"font-size: medium;\">)<\/span><\/span><\/span><span style=\"color: #030202;\"><span style=\"font-family: Liberation Serif, serif;\"><span style=\"font-size: medium;\"><i> \u201d<\/i><\/span><\/span><\/span><span style=\"color: #030202;\"><span style=\"font-family: Liberation Serif, serif;\"><span style=\"font-size: medium;\"> w ramach RPOWZ na lata 2014-2020, Dzia\u0142anie RPZP.07.02.00 Wsparcie dla tworzenia podmiot\u00f3w integracji spo\u0142ecznej oraz podmiot\u00f3w dzia\u0142aj\u0105cych na rzecz aktywizacji spo\u0142eczno-zawodowej, <\/span><\/span><\/span><span style=\"color: #030202;\"><span style=\"font-family: Liberation Serif, serif;\"><span style=\"font-size: medium;\">Polskie Stowarzyszenie na rzecz Os\u00f3b z Niepe\u0142nosprawno\u015bci\u0105 Intelektualn\u0105 Ko\u0142o w Kamieniu Pomorskim<\/span><\/span><\/span><span style=\"color: #030202;\"><span style=\"font-family: Liberation Serif, serif;\"><span style=\"font-size: medium;\"> og\u0142asza post\u0119powanie zgodnie z zasad\u0105 konkurencyjno\u015bci na nast\u0119puj\u0105cy przedmiot:<\/span><\/span><\/span><\/p>\n<p><span style=\"font-family: 'Liberation Serif', serif; color: #030202;\"><span style=\"font-size: medium;\">dostawa <\/span><\/span><span style=\"font-family: 'Liberation Serif', serif; color: #030202;\"><span style=\"font-size: medium;\">i monta\u017c <\/span><\/span><span style=\"font-family: 'Liberation Serif', serif; color: #030202;\"><span style=\"font-size: medium;\">sprz\u0119tu i wyposa\u017cenia <\/span><\/span><i style=\"font-family: 'Liberation Serif', serif;\"><\/i><span style=\"font-family: 'Liberation Serif', serif; color: #030202;\"><span style=\"font-size: medium;\">w ramach projektu<\/span><\/span><i style=\"font-family: 'Liberation Serif', serif;\"> <\/i><span style=\"font-family: 'Liberation Serif', serif; color: #030202;\"><span style=\"font-size: medium;\"><i>Rozw\u00f3j Zak\u0142adu Aktywno\u015bci Zawodowej w Kamieniu Pomorskim &#8211; &#8222;Us\u0142ugi noclegowe&#8221;<\/i><\/span><\/span><span style=\"font-family: 'Liberation Serif', serif; color: #030202;\"><span style=\"font-size: medium;\"><i>\u201d\u00a0<\/i><\/span><\/span><\/p>\n<p align=\"left\">\n<p align=\"left\"><span style=\"font-family: Liberation Serif, serif;\"><span style=\"color: #030202;\"><span style=\"font-size: medium;\">Cz I &#8211; <\/span><\/span><span style=\"color: #030202;\"><span style=\"font-size: medium;\">WSP\u00d3LNY S\u0141OWNIK ZAM\u00d3WIE\u0143 (CPV): <\/span><\/span><span style=\"color: #030202;\"><span style=\"font-size: medium;\">34911100-7 w\u00f3zki hotelowe<\/span><\/span><\/span><\/p>\n<p align=\"left\"><span style=\"font-family: Liberation Serif, serif;\"><span style=\"color: #030202;\"><span style=\"font-size: medium;\">Cz II &#8211; <\/span><\/span><span style=\"color: #030202;\"><span style=\"font-size: medium;\">WSP\u00d3LNY S\u0141OWNIK ZAM\u00d3WIE\u0143 (CPV): <\/span><\/span><span style=\"color: #030202;\"><span style=\"font-size: medium;\">39512400-8 pierzyny poduszki<\/span><\/span><\/span><\/p>\n<p align=\"left\">Cz III\u00a0 <span style=\"font-family: Liberation Serif, serif;\"> <span style=\"color: #030202;\"><span style=\"font-size: medium;\">WSP\u00d3LNY S\u0141OWNIK ZAM\u00d3WIE\u0143 (CPV): 3951400-9 rolety<\/span><\/span><\/span><\/p>\n<p align=\"left\">link do bazy konkurencyjno\u015bci:\u00a0<a href=\"https:\/\/bazakonkurencyjnosci.funduszeeuropejskie.gov.pl\/ogloszenia\/39872\">https:\/\/bazakonkurencyjnosci.funduszeeuropejskie.gov.pl\/ogloszenia\/39872<\/a><\/p>\n<p align=\"left\"><span style=\"color: #030202;\"><span style=\"font-family: Liberation Serif, serif;\"><span style=\"font-size: medium;\">TERMIN SK\u0141ADANIA OFERT:\u00a0<\/span><\/span><\/span><span style=\"color: #030202;\"><span style=\"font-family: Liberation Serif, serif;\"><span style=\"font-size: medium;\">12 kwiecie\u0144\u00a0 <\/span><\/span><\/span><span style=\"color: #030202;\"><span style=\"font-family: Liberation Serif, serif;\"><span style=\"font-size: medium;\">(<\/span><\/span><\/span><span style=\"color: #030202;\"><span style=\"font-family: Liberation Serif, serif;\"><span style=\"font-size: medium;\">poniedzia\u0142ek<\/span><\/span><\/span><span style=\"color: #030202;\"><span style=\"font-family: Liberation Serif, serif;\"><span style=\"font-size: medium;\">) 20<\/span><\/span><\/span><span style=\"color: #030202;\"><span style=\"font-family: Liberation Serif, serif;\"><span style=\"font-size: medium;\">2<\/span><\/span><\/span><span style=\"color: #030202;\"><span style=\"font-family: Liberation Serif, serif;\"><span style=\"font-size: medium;\">1<\/span><\/span><\/span> <span style=\"color: #030202;\"><span style=\"font-family: Liberation Serif, serif;\"><span style=\"font-size: medium;\">r. <\/span><\/span><\/span><span style=\"color: #030202;\"><span style=\"font-family: Liberation Serif, serif;\"><span style=\"font-size: medium;\">Godzina 11<\/span><\/span><\/span><span style=\"color: #030202;\"><span style=\"font-family: Liberation Serif, serif;\"><span style=\"font-size: medium;\">.00<\/span><\/span><\/span><\/p>\n<p align=\"left\">Za\u0142\u0105czniki:<\/p>\n<ol>\n<li>zapytanie ofertowe: <a href=\"http:\/\/psonikamien.org\/wp-content\/uploads\/2021\/03\/zapytanie-ofertowe.pdf\">zapytanie ofertowe<\/a><\/li>\n<li>wz\u00f3r oferty: <a href=\"http:\/\/psonikamien.org\/wp-content\/uploads\/2021\/03\/oferta.pdf\">oferta<\/a><\/li>\n<li>specyfikacja: <a href=\"http:\/\/psonikamien.org\/wp-content\/uploads\/2021\/03\/specyfikacja.pdf\">specyfikacja<\/a><\/li>\n<\/ol>\n","protected":false},"excerpt":{"rendered":"<p>AKTUALIZACJA 13.04.2021 PSONI Ko\u0142o w Kamieniu Pomorskim przedstawia informacje o wyborze oferent\u00f3w. SKM_C224e21041413280 W zwi\u0105zku z realizacj\u0105 projektu pn. \u201e.Rozw\u00f3j Zak\u0142adu Aktywno\u015bci Zawodowej w Kamieniu Pomorskim &#8211; &#8222;Us\u0142ugi noclegowe&#8221;\u201d (projekt nr .RPZP.07.02.00-32-K003\/19) \u201d w ramach RPOWZ na lata 2014-2020, Dzia\u0142anie RPZP.07.02.00 Wsparcie dla tworzenia podmiot\u00f3w integracji spo\u0142ecznej oraz podmiot\u00f3w dzia\u0142aj\u0105cych na rzecz aktywizacji spo\u0142eczno-zawodowej, Polskie [&hellip;]<\/p>\n","protected":false},"author":2,"featured_media":0,"comment_status":"closed","ping_status":"closed","sticky":false,"template":"","format":"standard","meta":{"footnotes":""},"categories":[1],"tags":[],"class_list":["post-1245","post","type-post","status-publish","format-standard","hentry","category-bez-kategorii"],"_links":{"self":[{"href":"http:\/\/psonikamien.org\/index.php?rest_route=\/wp\/v2\/posts\/1245","targetHints":{"allow":["GET"]}}],"collection":[{"href":"http:\/\/psonikamien.org\/index.php?rest_route=\/wp\/v2\/posts"}],"about":[{"href":"http:\/\/psonikamien.org\/index.php?rest_route=\/wp\/v2\/types\/post"}],"author":[{"embeddable":true,"href":"http:\/\/psonikamien.org\/index.php?rest_route=\/wp\/v2\/users\/2"}],"replies":[{"embeddable":true,"href":"http:\/\/psonikamien.org\/index.php?rest_route=%2Fwp%2Fv2%2Fcomments&post=1245"}],"version-history":[{"count":3,"href":"http:\/\/psonikamien.org\/index.php?rest_route=\/wp\/v2\/posts\/1245\/revisions"}],"predecessor-version":[{"id":1253,"href":"http:\/\/psonikamien.org\/index.php?rest_route=\/wp\/v2\/posts\/1245\/revisions\/1253"}],"wp:attachment":[{"href":"http:\/\/psonikamien.org\/index.php?rest_route=%2Fwp%2Fv2%2Fmedia&parent=1245"}],"wp:term":[{"taxonomy":"category","embeddable":true,"href":"http:\/\/psonikamien.org\/index.php?rest_route=%2Fwp%2Fv2%2Fcategories&post=1245"},{"taxonomy":"post_tag","embeddable":true,"href":"http:\/\/psonikamien.org\/index.php?rest_route=%2Fwp%2Fv2%2Ftags&post=1245"}],"curies":[{"name":"wp","href":"https:\/\/api.w.org\/{rel}","templated":true}]}}