{"id":1262,"date":"2021-04-21T09:41:52","date_gmt":"2021-04-21T07:41:52","guid":{"rendered":"http:\/\/psonikamien.org\/?p=1262"},"modified":"2021-04-21T09:41:52","modified_gmt":"2021-04-21T07:41:52","slug":"spolecznik-dobrze-robimy-pszczoly-chronimy","status":"publish","type":"post","link":"http:\/\/psonikamien.org\/?p=1262","title":{"rendered":"Spo\u0142ecznik -Dobrze robimy \u2013 pszczo\u0142y chroniMY"},"content":{"rendered":"<p align=\"center\"><span style=\"font-family: Times New Roman, serif;\"><span style=\"font-size: medium;\">Mamy przyjemno\u015b\u0107 poinformowa\u0107, \u017ce w okresie od 01.05 do 11.07.2021 <\/span><\/span><\/p>\n<p align=\"center\"><span style=\"font-family: Times New Roman, serif;\"><span style=\"font-size: medium;\">Polskie Stowarzyszenie na rzecz Os\u00f3b z Niepe\u0142nosprawno\u015bci\u0105 Intelektualn\u0105 Ko\u0142o w Kamieniu Pomorskim realizuje projekt pt: <\/span><\/span><\/p>\n<p align=\"center\"><span style=\"color: #a85300;\"><span style=\"font-family: Times New Roman, serif;\"><span style=\"font-size: medium;\"><b>Dobrze robimy \u2013 pszczo\u0142y chroniMY<\/b><\/span><\/span><\/span><\/p>\n<p align=\"center\"><span style=\"font-family: Times New Roman, serif;\"><span style=\"font-size: medium;\">w ramach programu <b>Spo\u0142ecznik na lata 2019-2021<\/b><b>&#8211; Program Marsza\u0142kowski<\/b><\/span><\/span><\/p>\n<p style=\"text-align: left;\" align=\"center\">hasztag:\u00a0<span style=\"font-family: sans-serif;\"><span style=\"font-size: medium;\">#PomorzeZachodnie, #ProgramSpo\u0142ecznik,#spo\u0142ecznik, #KARR<\/span><\/span><\/p>\n<p style=\"text-align: left;\" align=\"center\"><a href=\"http:\/\/psonikamien.org\/wp-content\/uploads\/2021\/04\/plakat-pszczoly.pdf\">plakat pszczo\u0142y<\/a><\/p>\n<p align=\"center\">\n","protected":false},"excerpt":{"rendered":"<p>Mamy przyjemno\u015b\u0107 poinformowa\u0107, \u017ce w okresie od 01.05 do 11.07.2021 Polskie Stowarzyszenie na rzecz Os\u00f3b z Niepe\u0142nosprawno\u015bci\u0105 Intelektualn\u0105 Ko\u0142o w Kamieniu Pomorskim realizuje projekt pt: Dobrze robimy \u2013 pszczo\u0142y chroniMY w ramach programu Spo\u0142ecznik na lata 2019-2021&#8211; Program Marsza\u0142kowski hasztag:\u00a0#PomorzeZachodnie, #ProgramSpo\u0142ecznik,#spo\u0142ecznik, #KARR plakat pszczo\u0142y<\/p>\n","protected":false},"author":2,"featured_media":0,"comment_status":"closed","ping_status":"closed","sticky":false,"template":"","format":"standard","meta":{"footnotes":""},"categories":[1],"tags":[],"class_list":["post-1262","post","type-post","status-publish","format-standard","hentry","category-bez-kategorii"],"_links":{"self":[{"href":"http:\/\/psonikamien.org\/index.php?rest_route=\/wp\/v2\/posts\/1262","targetHints":{"allow":["GET"]}}],"collection":[{"href":"http:\/\/psonikamien.org\/index.php?rest_route=\/wp\/v2\/posts"}],"about":[{"href":"http:\/\/psonikamien.org\/index.php?rest_route=\/wp\/v2\/types\/post"}],"author":[{"embeddable":true,"href":"http:\/\/psonikamien.org\/index.php?rest_route=\/wp\/v2\/users\/2"}],"replies":[{"embeddable":true,"href":"http:\/\/psonikamien.org\/index.php?rest_route=%2Fwp%2Fv2%2Fcomments&post=1262"}],"version-history":[{"count":1,"href":"http:\/\/psonikamien.org\/index.php?rest_route=\/wp\/v2\/posts\/1262\/revisions"}],"predecessor-version":[{"id":1264,"href":"http:\/\/psonikamien.org\/index.php?rest_route=\/wp\/v2\/posts\/1262\/revisions\/1264"}],"wp:attachment":[{"href":"http:\/\/psonikamien.org\/index.php?rest_route=%2Fwp%2Fv2%2Fmedia&parent=1262"}],"wp:term":[{"taxonomy":"category","embeddable":true,"href":"http:\/\/psonikamien.org\/index.php?rest_route=%2Fwp%2Fv2%2Fcategories&post=1262"},{"taxonomy":"post_tag","embeddable":true,"href":"http:\/\/psonikamien.org\/index.php?rest_route=%2Fwp%2Fv2%2Ftags&post=1262"}],"curies":[{"name":"wp","href":"https:\/\/api.w.org\/{rel}","templated":true}]}}