{"id":1439,"date":"2021-11-05T09:32:02","date_gmt":"2021-11-05T08:32:02","guid":{"rendered":"http:\/\/psonikamien.org\/?p=1439"},"modified":"2021-11-05T09:33:23","modified_gmt":"2021-11-05T08:33:23","slug":"informacja-z-realizacji-projektu-pfron-3","status":"publish","type":"post","link":"http:\/\/psonikamien.org\/?p=1439","title":{"rendered":"Informacja z realizacji projektu PFRON"},"content":{"rendered":"<h1 align=\"center\"><a href=\"http:\/\/psonikamien.org\/wp-content\/uploads\/2021\/05\/logo-pfron.png\" data-rel=\"lightbox-image-0\" data-rl_title=\"\" data-rl_caption=\"\" title=\"\"><img loading=\"lazy\" decoding=\"async\" class=\"alignnone size-full wp-image-1313\" src=\"http:\/\/psonikamien.org\/wp-content\/uploads\/2021\/05\/logo-pfron.png\" alt=\"\" width=\"247\" height=\"120\" srcset=\"http:\/\/psonikamien.org\/wp-content\/uploads\/2021\/05\/logo-pfron.png 247w, http:\/\/psonikamien.org\/wp-content\/uploads\/2021\/05\/logo-pfron-230x112.png 230w\" sizes=\"auto, (max-width: 247px) 100vw, 247px\" \/><\/a><a href=\"http:\/\/psonikamien.org\/wp-content\/uploads\/2021\/05\/logo-psoni.png\" data-rel=\"lightbox-image-1\" data-rl_title=\"\" data-rl_caption=\"\" title=\"\"><img loading=\"lazy\" decoding=\"async\" class=\"size-full wp-image-1312 alignleft\" src=\"http:\/\/psonikamien.org\/wp-content\/uploads\/2021\/05\/logo-psoni.png\" alt=\"\" width=\"150\" height=\"179\"><\/a><\/h1>\n<h1 align=\"center\"><\/h1>\n<h1 class=\"western\" align=\"center\"><span style=\"color: #000000;\"><span style=\"font-family: Times New Roman, serif;\"><span style=\"font-size: large;\"><b>Rehabilitacja metod\u0105 Integracji Sensorycznej<\/b><\/span><\/span><\/span><span style=\"color: #000000;\"><span style=\"font-family: Times New Roman, serif;\"><span style=\"font-size: large;\"> realizowana przez podopiecznych Polskiego Stowarzyszenia na rzecz Os\u00f3b z Niepe\u0142nosprawno\u015bci\u0105 Intelektualn\u0105 Ko\u0142o w Kamieniu Pomorskim w ramach projektu pn. ,,Prowadzenie rehabilitacji os\u00f3b Niepe\u0142nosprawnych w r\u00f3\u017cnych typach plac\u00f3wek\u2019\u2019<\/span><\/span><\/span><\/h1>\n<p align=\"justify\"><span style=\"color: #212529;\"><span style=\"font-family: Times New Roman, serif;\"><span style=\"font-size: small;\"><span style=\"color: #000000;\"><span style=\"font-size: medium;\">Szansa \u2013 Rozw\u00f3j &#8211; Niezale\u017cno\u015b\u0107 konkurs nr 1\/2018 \u2013 <\/span><\/span><span style=\"color: #000000;\"><span style=\"font-size: medium;\">III okres realizacji projektu, <\/span><\/span><span style=\"color: #000000;\"><span style=\"font-size: medium;\">jest<\/span><\/span><span style=\"color: #000000;\"><span style=\"font-size: medium;\"> to<\/span><\/span><span style=\"color: #000000;\"><span style=\"font-size: medium;\"> zadani<\/span><\/span><span style=\"color: #000000;\"><span style=\"font-size: medium;\">e dofinansowane ze \u015brodk\u00f3w<\/span><\/span><span style=\"color: #000000;\"><span style=\"font-size: medium;\"> Pa\u0144stwowego Funduszu Rehabilitacji Os\u00f3b Niepe\u0142nosprawnych <\/span><\/span><span style=\"color: #000000;\"><span style=\"font-size: medium;\">w terminie 01.04.2021-31.03.2022 realizowane przez Polskie Stowarzyszenie na rzecz Os\u00f3b z <\/span><\/span><span style=\"color: #000000;\"><span style=\"font-size: medium;\">N<\/span><\/span><span style=\"color: #000000;\"><span style=\"font-size: medium;\">iepe\u0142nosprawno\u015bci\u0105 Intelektualn\u0105 Ko\u0142o w Kamieniu Pomorskim.<\/span><\/span><\/span><\/span><\/span><\/p>\n<p align=\"justify\"><span style=\"color: #212529;\"><span style=\"font-family: Times New Roman, serif;\"><span style=\"font-size: small;\"><span style=\"color: #000000;\"><span style=\"font-size: medium;\">Od 01 kwietnia 2021 roku prowadzone s\u0105 zaj\u0119cia z <\/span><\/span><span style=\"color: #000000;\"><span style=\"font-size: medium;\">terapii <\/span><\/span><span style=\"color: #000000;\"><span style=\"font-size: medium;\">Integracji Sensorycznej. Terapeuta <\/span><\/span><span style=\"color: #000000;\"><span style=\"font-size: medium;\">SI <\/span><\/span><span style=\"color: #000000;\"><span style=\"font-size: medium;\"> realizuje za\u0142o\u017cone cele prowadz\u0105c indywidualn\u0105 terapi\u0119 <\/span><\/span><span style=\"color: #000000;\"><span style=\"font-size: medium;\">w<\/span><\/span><span style=\"color: #000000;\"><span style=\"font-size: medium;\"> specjalnie wyposa\u017conej sali<\/span><\/span><span style=\"color: #000000;\"><span style=\"font-size: medium;\">. Podczas <\/span><\/span><span style=\"color: #000000;\"><span style=\"font-size: medium;\">terapi<\/span><\/span><span style=\"color: #000000;\"><span style=\"font-size: medium;\">i<\/span><\/span><span style=\"color: #000000;\"><span style=\"font-size: medium;\"> wykorzystywane s\u0105 r\u00f3\u017cnorodne formy \u0107wicze\u0144, <\/span><\/span><span style=\"color: #000000;\"><span style=\"font-size: medium;\">zabaw i aktywno\u015b<\/span><\/span><span style=\"color: #000000;\"><span style=\"font-size: medium;\">c<\/span><\/span><span style=\"color: #000000;\"><span style=\"font-size: medium;\">i <\/span><\/span> <span style=\"color: #000000;\"><span style=\"font-size: medium;\">maj\u0105ce <\/span><\/span><span style=\"color: #000000;\"><span style=\"font-size: medium;\">n<\/span><\/span><span style=\"color: #000000;\"><span style=\"font-size: medium;\">a celu stymulacj\u0119 ce<\/span><\/span><span style=\"color: #000000;\"><span style=\"font-size: medium;\">n<\/span><\/span><span style=\"color: #000000;\"><span style=\"font-size: medium;\">tralnego uk\u0142adu nerwowego, poprzez pobudzanie receptor\u00f3w wszystkich zmys\u0142\u00f3w<\/span><\/span><span style=\"color: #000000;\"><span style=\"font-size: medium;\">: <\/span><\/span><span style=\"color: #000000;\"><span style=\"font-size: medium;\">wzroku, s\u0142uchu, w\u0119chu, smaku, <\/span><\/span><span style=\"color: #000000;\"><span style=\"font-size: medium;\">dotyku<\/span><\/span><span style=\"color: #000000;\"><span style=\"font-size: medium;\">. Podczas zaj\u0119\u0107 nie stosujemy sztyw<\/span><\/span><span style=\"color: #000000;\"><span style=\"font-size: medium;\">n<\/span><\/span><span style=\"color: #000000;\"><span style=\"font-size: medium;\">ego, powtarzalnego schematu \u0107wicze\u0144. Zaj<\/span><\/span><span style=\"color: #000000;\"><span style=\"font-size: medium;\">\u0119<\/span><\/span><span style=\"color: #000000;\"><span style=\"font-size: medium;\">cia s\u0105 prowadzone w formie spontanicznej zabawy i maj\u0105 na celu <\/span><\/span><span style=\"color: #000000;\"><span style=\"font-size: medium;\">organizacj\u0119<\/span><\/span><span style=\"color: #000000;\"><span style=\"font-size: medium;\"> czucia g\u0142\u0119bokiego, <\/span><\/span><span style=\"color: #000000;\"><span style=\"font-size: medium;\">wzmocnienie<\/span><\/span> <span style=\"color: #000000;\"><span style=\"font-size: medium;\">mi\u0119\u015bni<\/span><\/span> <span style=\"color: #000000;\"><span style=\"font-size: medium;\">posturach<\/span><\/span><span style=\"color: #000000;\"><span style=\"font-size: medium;\">, stymulacj\u0119 uk\u0142adu przedsionkowego, <\/span><\/span><span style=\"color: #000000;\"><span style=\"font-size: medium;\">popraw\u0119<\/span><\/span><span style=\"color: #000000;\"><span style=\"font-size: medium;\"> koo<\/span><\/span><span style=\"color: #000000;\"><span style=\"font-size: medium;\">r<\/span><\/span><span style=\"color: #000000;\"><span style=\"font-size: medium;\">dynacji wzrokowo-ruchowej, usprawnianie motoryki ma\u0142ej, <\/span><\/span><span style=\"color: #000000;\"><span style=\"font-size: medium;\">kt\u00f3ra wp\u0142ywa na popraw\u0119 funkcjonowania w sferze emocjonalnej i motorycznej.<\/span><\/span><\/span><\/span><\/span><\/p>\n<p align=\"justify\"><span style=\"color: #000000;\"><span style=\"font-family: Times New Roman, serif;\"><span style=\"font-size: medium;\">Do prowadzenia zaj\u0119\u0107 wykorzystywany jest niezb\u0119dny specjalistyczny<\/span><\/span><\/span><span style=\"color: #000000;\"><span style=\"font-family: Times New Roman, serif;\"><span style=\"font-size: medium;\"> sprz\u0119t podwieszany, wa\u0142ki, pi\u0142ki, hu\u015btawki, <\/span><\/span><\/span><span style=\"color: #000000;\"><span style=\"font-family: Times New Roman, serif;\"><span style=\"font-size: medium;\">suchy basen, r\u00f3wnowa\u017cnie, tunele, deskorolki, trampoliny, <\/span><\/span><\/span><span style=\"color: #000000;\"><span style=\"font-family: Times New Roman, serif;\"><span style=\"font-size: medium;\">materia\u0142y o r\u00f3\u017cnorodnej strukturze i fakturze. Efektywno\u015b\u0107 terapii integracji sensorycznej wynika <\/span><\/span><\/span><span style=\"color: #000000;\"><span style=\"font-family: Times New Roman, serif;\"><span style=\"font-size: medium;\">w <\/span><\/span><\/span><span style=\"color: #000000;\"><span style=\"font-family: Times New Roman, serif;\"><span style=\"font-size: medium;\">g\u0142\u00f3wnej mierze z tego, \u017ce pod jej wp\u0142ywem kszta\u0142tuj\u0105 si\u0119 owe oraz reorganizuj\u0105 dotychczasowe po\u0142\u0105czenia synaptyczne w o\u015brodkowym uk\u0142adzie nerwowym.<\/span><\/span><\/span><span style=\"color: #000000;\"><span style=\"font-family: Times New Roman, serif;\"><span style=\"font-size: medium;\"> Zaj\u0119cia te wspieraj\u0105 proces nabywania kompetencji komunikacyjnych, spo\u0142ecznych i ruchowych.<\/span><\/span><\/span><\/p>\n<p align=\"right\"><span style=\"font-family: Times New Roman, serif;\">Koordynator projektu<\/span><\/p>\n<p align=\"right\"><span style=\"font-family: Times New Roman, serif;\">Warzych Edyta<\/span><\/p>\n<p align=\"right\"><a href=\"http:\/\/psonikamien.org\/wp-content\/uploads\/2021\/11\/2-scaled.jpg\" data-rel=\"lightbox-image-2\" data-rl_title=\"\" data-rl_caption=\"\" title=\"\"><img loading=\"lazy\" decoding=\"async\" class=\"alignnone size-medium wp-image-1440\" src=\"http:\/\/psonikamien.org\/wp-content\/uploads\/2021\/11\/2-300x200.jpg\" alt=\"\" width=\"300\" height=\"200\" srcset=\"http:\/\/psonikamien.org\/wp-content\/uploads\/2021\/11\/2-300x200.jpg 300w, http:\/\/psonikamien.org\/wp-content\/uploads\/2021\/11\/2-1024x682.jpg 1024w, http:\/\/psonikamien.org\/wp-content\/uploads\/2021\/11\/2-768x511.jpg 768w, http:\/\/psonikamien.org\/wp-content\/uploads\/2021\/11\/2-1536x1022.jpg 1536w, http:\/\/psonikamien.org\/wp-content\/uploads\/2021\/11\/2-2048x1363.jpg 2048w, http:\/\/psonikamien.org\/wp-content\/uploads\/2021\/11\/2-830x553.jpg 830w, http:\/\/psonikamien.org\/wp-content\/uploads\/2021\/11\/2-230x153.jpg 230w, http:\/\/psonikamien.org\/wp-content\/uploads\/2021\/11\/2-350x233.jpg 350w, http:\/\/psonikamien.org\/wp-content\/uploads\/2021\/11\/2-480x320.jpg 480w\" sizes=\"auto, (max-width: 300px) 100vw, 300px\" \/><\/a><a href=\"http:\/\/psonikamien.org\/wp-content\/uploads\/2021\/11\/20.jpeg\" data-rel=\"lightbox-image-3\" data-rl_title=\"\" data-rl_caption=\"\" title=\"\"><img loading=\"lazy\" decoding=\"async\" class=\"alignnone size-medium wp-image-1441\" src=\"http:\/\/psonikamien.org\/wp-content\/uploads\/2021\/11\/20-224x300.jpeg\" alt=\"\" width=\"224\" height=\"300\" srcset=\"http:\/\/psonikamien.org\/wp-content\/uploads\/2021\/11\/20-224x300.jpeg 224w, http:\/\/psonikamien.org\/wp-content\/uploads\/2021\/11\/20-230x308.jpeg 230w, http:\/\/psonikamien.org\/wp-content\/uploads\/2021\/11\/20-350x469.jpeg 350w, http:\/\/psonikamien.org\/wp-content\/uploads\/2021\/11\/20-480x643.jpeg 480w, http:\/\/psonikamien.org\/wp-content\/uploads\/2021\/11\/20.jpeg 560w\" sizes=\"auto, (max-width: 224px) 100vw, 224px\" \/><\/a><a href=\"http:\/\/psonikamien.org\/wp-content\/uploads\/2021\/11\/24.jpeg\" data-rel=\"lightbox-image-4\" data-rl_title=\"\" data-rl_caption=\"\" title=\"\"><img loading=\"lazy\" decoding=\"async\" class=\"alignnone size-medium wp-image-1442\" src=\"http:\/\/psonikamien.org\/wp-content\/uploads\/2021\/11\/24-223x300.jpeg\" alt=\"\" width=\"223\" height=\"300\" srcset=\"http:\/\/psonikamien.org\/wp-content\/uploads\/2021\/11\/24-223x300.jpeg 223w, http:\/\/psonikamien.org\/wp-content\/uploads\/2021\/11\/24-762x1024.jpeg 762w, http:\/\/psonikamien.org\/wp-content\/uploads\/2021\/11\/24-768x1032.jpeg 768w, http:\/\/psonikamien.org\/wp-content\/uploads\/2021\/11\/24-1143x1536.jpeg 1143w, http:\/\/psonikamien.org\/wp-content\/uploads\/2021\/11\/24-830x1116.jpeg 830w, http:\/\/psonikamien.org\/wp-content\/uploads\/2021\/11\/24-230x309.jpeg 230w, http:\/\/psonikamien.org\/wp-content\/uploads\/2021\/11\/24-350x470.jpeg 350w, http:\/\/psonikamien.org\/wp-content\/uploads\/2021\/11\/24-480x645.jpeg 480w, http:\/\/psonikamien.org\/wp-content\/uploads\/2021\/11\/24.jpeg 1488w\" sizes=\"auto, (max-width: 223px) 100vw, 223px\" \/><\/a><\/p>\n","protected":false},"excerpt":{"rendered":"<p>Rehabilitacja metod\u0105 Integracji Sensorycznej realizowana przez podopiecznych Polskiego Stowarzyszenia na rzecz Os\u00f3b z Niepe\u0142nosprawno\u015bci\u0105 Intelektualn\u0105 Ko\u0142o w Kamieniu Pomorskim w ramach projektu pn. ,,Prowadzenie rehabilitacji os\u00f3b Niepe\u0142nosprawnych w r\u00f3\u017cnych typach plac\u00f3wek\u2019\u2019 Szansa \u2013 Rozw\u00f3j &#8211; Niezale\u017cno\u015b\u0107 konkurs nr 1\/2018 \u2013 III okres realizacji projektu, jest to zadanie dofinansowane ze \u015brodk\u00f3w Pa\u0144stwowego Funduszu Rehabilitacji Os\u00f3b Niepe\u0142nosprawnych [&hellip;]<\/p>\n","protected":false},"author":2,"featured_media":0,"comment_status":"closed","ping_status":"closed","sticky":false,"template":"","format":"standard","meta":{"footnotes":""},"categories":[1,6],"tags":[],"class_list":["post-1439","post","type-post","status-publish","format-standard","hentry","category-bez-kategorii","category-pfron"],"_links":{"self":[{"href":"http:\/\/psonikamien.org\/index.php?rest_route=\/wp\/v2\/posts\/1439","targetHints":{"allow":["GET"]}}],"collection":[{"href":"http:\/\/psonikamien.org\/index.php?rest_route=\/wp\/v2\/posts"}],"about":[{"href":"http:\/\/psonikamien.org\/index.php?rest_route=\/wp\/v2\/types\/post"}],"author":[{"embeddable":true,"href":"http:\/\/psonikamien.org\/index.php?rest_route=\/wp\/v2\/users\/2"}],"replies":[{"embeddable":true,"href":"http:\/\/psonikamien.org\/index.php?rest_route=%2Fwp%2Fv2%2Fcomments&post=1439"}],"version-history":[{"count":3,"href":"http:\/\/psonikamien.org\/index.php?rest_route=\/wp\/v2\/posts\/1439\/revisions"}],"predecessor-version":[{"id":1445,"href":"http:\/\/psonikamien.org\/index.php?rest_route=\/wp\/v2\/posts\/1439\/revisions\/1445"}],"wp:attachment":[{"href":"http:\/\/psonikamien.org\/index.php?rest_route=%2Fwp%2Fv2%2Fmedia&parent=1439"}],"wp:term":[{"taxonomy":"category","embeddable":true,"href":"http:\/\/psonikamien.org\/index.php?rest_route=%2Fwp%2Fv2%2Fcategories&post=1439"},{"taxonomy":"post_tag","embeddable":true,"href":"http:\/\/psonikamien.org\/index.php?rest_route=%2Fwp%2Fv2%2Ftags&post=1439"}],"curies":[{"name":"wp","href":"https:\/\/api.w.org\/{rel}","templated":true}]}}