{"id":1635,"date":"2022-05-05T14:00:00","date_gmt":"2022-05-05T12:00:00","guid":{"rendered":"http:\/\/psonikamien.org\/?p=1635"},"modified":"2022-05-06T08:51:48","modified_gmt":"2022-05-06T06:51:48","slug":"dzien-godnosci-2022","status":"publish","type":"post","link":"http:\/\/psonikamien.org\/?p=1635","title":{"rendered":"Dzie\u0144 Godno\u015bci 2022"},"content":{"rendered":"<p>Dnia 5 maja 2022 r. tj. czwartek odby\u0142y si\u0119 uroczyste obchody Dnia Godno\u015bci Os\u00f3b z Niepe\u0142nosprawno\u015bci\u0105 Intelektualn\u0105 organizowane przez PSONI w Kamieniu Pomorskim. Obchody rozpocz\u0119\u0142y si\u0119 Msz\u0105 \u015awi\u0119ta w kamie\u0144skiej Katedrze celebrowan\u0105 przez ks. bp Henryka Wejmana. Po zako\u0144czeniu Mszy \u015awi\u0119tej przed \u015bwi\u0105tyni\u0105 uformowa\u0142 si\u0119 ,,kolorowy korow\u00f3d\u201d, kt\u00f3ry ruszy\u0142 ulicami miasta m.in. Stefana \u017beromskiego, Adama Mickiewicza, Boles\u0142awa Chrobrego, Mieszka I, Miko\u0142aja Kopernika w kierunku ul. Garncarskiej gdzie znajduje si\u0119 siedziba Polskiego Stowarzyszenia na Rzecz Os\u00f3b z Niepe\u0142nosprawno\u015bci\u0105 Intelektualn\u0105 Ko\u0142o w Kamieniu Pomorskim. W korowodzie udzia\u0142 brali podopieczni, pracownicy z plac\u00f3wek takich jak Wczesne Wspomaganie Rozwoju, OREW, WTZ, \u015aDS, ZAZ oraz Przedszkole Integracyjne i w\u0142adze Ko\u0142a na czele z przewodnicz\u0105c\u0105 p. Jolant\u0105 Janik, w\u0142adze samorz\u0105dowe, przedstawiciele Ko\u015bcio\u0142a, orkiestra Marynarki Wojennej z 8 Flotylli Obrony Wybrze\u017ca w \u015awinouj\u015bciu, podopieczni plac\u00f3wek, szk\u00f3\u0142 z regionu, a tak\u017ce mieszka\u0144cy Kamienia Pomorskiego.<\/p>\n<p>Po dotarciu do siedziby PSONI Ko\u0142o w Kamieniu Pomorskim w sali konferencyjnej zebrani go\u015bcie mieli okazj\u0119 pos\u0142ucha\u0107 koncertu orkiestry Marynarki Wojennej z 8 Flotylli Obrony Wybrze\u017ca w \u015awinouj\u015bciu a tak\u017ce Zespo\u0142u ,,O RETY FLA\u017bOLETY\u201d ze Szko\u0142y Podstawowej nr 1 w Kamieniu Pomorskim. Nast\u0119pnie zostali przywitani wszyscy go\u015bcie. G\u0142os zabra\u0142a przewodnicz\u0105ca Zarz\u0105du Stowarzyszenia p. Jolanta Janik, a nast\u0119pnie przedstawiciele w\u0142adz lokalnych: p. J\u00f3zef Malec- starosta powiatu kamie\u0144skiego, p. Leszek Szefli\u0144ski- zast\u0119pca burmistrza Kamienia Pomorskiego, p. Grzegorz Ch\u0142opek- przewodnicz\u0105cy Rady Miejskiej w Golczewie. W\u015br\u00f3d zaproszonych go\u015bci byli tak\u017ce p. Stanis\u0142aw Kury\u0142o, p. Joanna Piwi\u0144ska, p. Dorota M\u0105drowska, p. Anna Kowalska, p. Zbigniew Chocho\u0142owski, p. Beata Grankil, p. Teresa Malec a tak\u017ce przedstawiciele z PFRON.<\/p>\n<p>Po cz\u0119\u015bci oficjalnej nast\u0105pi\u0142a impreza integracyjna dla podopiecznych i go\u015bci. M\u0142odsze grono zosta\u0142o na sali na ul. Garncarskiej. Natomiast starsi podopieczni udali si\u0119 na imprez\u0119 zorganizowan\u0105 na ul. Kopernika 12. Wszyscy bawili si\u0119 bardzo dobrze w rytm znanych i lubianych przeboj\u00f3w.<\/p>\n<p>Impreza sponsorowana przez Powiatowe Centrum Pomocy Rodzinie w Kamieniu Pomorskim ze \u015brodk\u00f3w Pa\u0144stwowego Funduszu Rehabilitacji Os\u00f3b Niepe\u0142nosprawnych.<\/p>\n\n\n<figure class=\"wp-block-gallery columns-3 is-cropped wp-block-gallery-1 is-layout-flex wp-block-gallery-is-layout-flex\"><ul class=\"blocks-gallery-grid\"><li class=\"blocks-gallery-item\"><figure><a href=\"http:\/\/psonikamien.org\/wp-content\/uploads\/2022\/05\/DSC03522-scaled.jpg\" data-rel=\"lightbox-image-0\" data-rl_title=\"\" data-rl_caption=\"\" title=\"\"><img loading=\"lazy\" decoding=\"async\" width=\"1024\" height=\"682\" src=\"http:\/\/psonikamien.org\/wp-content\/uploads\/2022\/05\/DSC03522-1024x682.jpg\" alt=\"\" data-id=\"1638\" data-full-url=\"http:\/\/psonikamien.org\/wp-content\/uploads\/2022\/05\/DSC03522-scaled.jpg\" data-link=\"http:\/\/psonikamien.org\/?attachment_id=1638\" class=\"wp-image-1638\" srcset=\"http:\/\/psonikamien.org\/wp-content\/uploads\/2022\/05\/DSC03522-1024x682.jpg 1024w, http:\/\/psonikamien.org\/wp-content\/uploads\/2022\/05\/DSC03522-300x200.jpg 300w, http:\/\/psonikamien.org\/wp-content\/uploads\/2022\/05\/DSC03522-768x511.jpg 768w, http:\/\/psonikamien.org\/wp-content\/uploads\/2022\/05\/DSC03522-1536x1022.jpg 1536w, http:\/\/psonikamien.org\/wp-content\/uploads\/2022\/05\/DSC03522-2048x1363.jpg 2048w, http:\/\/psonikamien.org\/wp-content\/uploads\/2022\/05\/DSC03522-830x553.jpg 830w, http:\/\/psonikamien.org\/wp-content\/uploads\/2022\/05\/DSC03522-230x153.jpg 230w, http:\/\/psonikamien.org\/wp-content\/uploads\/2022\/05\/DSC03522-350x233.jpg 350w, http:\/\/psonikamien.org\/wp-content\/uploads\/2022\/05\/DSC03522-480x320.jpg 480w\" sizes=\"auto, (max-width: 1024px) 100vw, 1024px\" \/><\/a><\/figure><\/li><li class=\"blocks-gallery-item\"><figure><a href=\"http:\/\/psonikamien.org\/wp-content\/uploads\/2022\/05\/DSC03536-scaled.jpg\" data-rel=\"lightbox-image-1\" data-rl_title=\"\" data-rl_caption=\"\" title=\"\"><img loading=\"lazy\" decoding=\"async\" width=\"1024\" height=\"682\" src=\"http:\/\/psonikamien.org\/wp-content\/uploads\/2022\/05\/DSC03536-1024x682.jpg\" alt=\"\" data-id=\"1637\" data-full-url=\"http:\/\/psonikamien.org\/wp-content\/uploads\/2022\/05\/DSC03536-scaled.jpg\" data-link=\"http:\/\/psonikamien.org\/?attachment_id=1637\" class=\"wp-image-1637\" srcset=\"http:\/\/psonikamien.org\/wp-content\/uploads\/2022\/05\/DSC03536-1024x682.jpg 1024w, http:\/\/psonikamien.org\/wp-content\/uploads\/2022\/05\/DSC03536-300x200.jpg 300w, http:\/\/psonikamien.org\/wp-content\/uploads\/2022\/05\/DSC03536-768x511.jpg 768w, http:\/\/psonikamien.org\/wp-content\/uploads\/2022\/05\/DSC03536-1536x1022.jpg 1536w, http:\/\/psonikamien.org\/wp-content\/uploads\/2022\/05\/DSC03536-2048x1363.jpg 2048w, http:\/\/psonikamien.org\/wp-content\/uploads\/2022\/05\/DSC03536-830x553.jpg 830w, http:\/\/psonikamien.org\/wp-content\/uploads\/2022\/05\/DSC03536-230x153.jpg 230w, http:\/\/psonikamien.org\/wp-content\/uploads\/2022\/05\/DSC03536-350x233.jpg 350w, http:\/\/psonikamien.org\/wp-content\/uploads\/2022\/05\/DSC03536-480x320.jpg 480w\" sizes=\"auto, (max-width: 1024px) 100vw, 1024px\" \/><\/a><\/figure><\/li><li class=\"blocks-gallery-item\"><figure><a href=\"http:\/\/psonikamien.org\/wp-content\/uploads\/2022\/05\/DSC03569-scaled.jpg\" data-rel=\"lightbox-image-2\" data-rl_title=\"\" data-rl_caption=\"\" title=\"\"><img loading=\"lazy\" decoding=\"async\" width=\"1024\" height=\"682\" src=\"http:\/\/psonikamien.org\/wp-content\/uploads\/2022\/05\/DSC03569-1024x682.jpg\" alt=\"\" data-id=\"1639\" data-full-url=\"http:\/\/psonikamien.org\/wp-content\/uploads\/2022\/05\/DSC03569-scaled.jpg\" data-link=\"http:\/\/psonikamien.org\/?attachment_id=1639\" class=\"wp-image-1639\" srcset=\"http:\/\/psonikamien.org\/wp-content\/uploads\/2022\/05\/DSC03569-1024x682.jpg 1024w, http:\/\/psonikamien.org\/wp-content\/uploads\/2022\/05\/DSC03569-300x200.jpg 300w, http:\/\/psonikamien.org\/wp-content\/uploads\/2022\/05\/DSC03569-768x511.jpg 768w, http:\/\/psonikamien.org\/wp-content\/uploads\/2022\/05\/DSC03569-1536x1022.jpg 1536w, http:\/\/psonikamien.org\/wp-content\/uploads\/2022\/05\/DSC03569-2048x1363.jpg 2048w, http:\/\/psonikamien.org\/wp-content\/uploads\/2022\/05\/DSC03569-830x553.jpg 830w, http:\/\/psonikamien.org\/wp-content\/uploads\/2022\/05\/DSC03569-230x153.jpg 230w, http:\/\/psonikamien.org\/wp-content\/uploads\/2022\/05\/DSC03569-350x233.jpg 350w, http:\/\/psonikamien.org\/wp-content\/uploads\/2022\/05\/DSC03569-480x320.jpg 480w\" sizes=\"auto, (max-width: 1024px) 100vw, 1024px\" \/><\/a><\/figure><\/li><li class=\"blocks-gallery-item\"><figure><a href=\"http:\/\/psonikamien.org\/wp-content\/uploads\/2022\/05\/DSC03605-scaled.jpg\" data-rel=\"lightbox-image-3\" data-rl_title=\"\" data-rl_caption=\"\" title=\"\"><img loading=\"lazy\" decoding=\"async\" width=\"1024\" height=\"682\" src=\"http:\/\/psonikamien.org\/wp-content\/uploads\/2022\/05\/DSC03605-1024x682.jpg\" alt=\"\" data-id=\"1640\" data-full-url=\"http:\/\/psonikamien.org\/wp-content\/uploads\/2022\/05\/DSC03605-scaled.jpg\" data-link=\"http:\/\/psonikamien.org\/?attachment_id=1640\" class=\"wp-image-1640\" srcset=\"http:\/\/psonikamien.org\/wp-content\/uploads\/2022\/05\/DSC03605-1024x682.jpg 1024w, http:\/\/psonikamien.org\/wp-content\/uploads\/2022\/05\/DSC03605-300x200.jpg 300w, http:\/\/psonikamien.org\/wp-content\/uploads\/2022\/05\/DSC03605-768x511.jpg 768w, http:\/\/psonikamien.org\/wp-content\/uploads\/2022\/05\/DSC03605-1536x1022.jpg 1536w, http:\/\/psonikamien.org\/wp-content\/uploads\/2022\/05\/DSC03605-2048x1363.jpg 2048w, http:\/\/psonikamien.org\/wp-content\/uploads\/2022\/05\/DSC03605-830x553.jpg 830w, http:\/\/psonikamien.org\/wp-content\/uploads\/2022\/05\/DSC03605-230x153.jpg 230w, http:\/\/psonikamien.org\/wp-content\/uploads\/2022\/05\/DSC03605-350x233.jpg 350w, http:\/\/psonikamien.org\/wp-content\/uploads\/2022\/05\/DSC03605-480x320.jpg 480w\" sizes=\"auto, (max-width: 1024px) 100vw, 1024px\" \/><\/a><\/figure><\/li><\/ul><\/figure>\n","protected":false},"excerpt":{"rendered":"<p>Dnia 5 maja 2022 r. tj. czwartek odby\u0142y si\u0119 uroczyste obchody Dnia Godno\u015bci Os\u00f3b z Niepe\u0142nosprawno\u015bci\u0105 Intelektualn\u0105 organizowane przez PSONI w Kamieniu Pomorskim. Obchody rozpocz\u0119\u0142y si\u0119 Msz\u0105 \u015awi\u0119ta w kamie\u0144skiej Katedrze celebrowan\u0105 przez ks. bp Henryka Wejmana. Po zako\u0144czeniu Mszy \u015awi\u0119tej przed \u015bwi\u0105tyni\u0105 uformowa\u0142 si\u0119 ,,kolorowy korow\u00f3d\u201d, kt\u00f3ry ruszy\u0142 ulicami miasta m.in. Stefana \u017beromskiego, Adama [&hellip;]<\/p>\n","protected":false},"author":2,"featured_media":0,"comment_status":"closed","ping_status":"closed","sticky":false,"template":"","format":"standard","meta":{"footnotes":""},"categories":[1],"tags":[],"class_list":["post-1635","post","type-post","status-publish","format-standard","hentry","category-bez-kategorii"],"_links":{"self":[{"href":"http:\/\/psonikamien.org\/index.php?rest_route=\/wp\/v2\/posts\/1635","targetHints":{"allow":["GET"]}}],"collection":[{"href":"http:\/\/psonikamien.org\/index.php?rest_route=\/wp\/v2\/posts"}],"about":[{"href":"http:\/\/psonikamien.org\/index.php?rest_route=\/wp\/v2\/types\/post"}],"author":[{"embeddable":true,"href":"http:\/\/psonikamien.org\/index.php?rest_route=\/wp\/v2\/users\/2"}],"replies":[{"embeddable":true,"href":"http:\/\/psonikamien.org\/index.php?rest_route=%2Fwp%2Fv2%2Fcomments&post=1635"}],"version-history":[{"count":2,"href":"http:\/\/psonikamien.org\/index.php?rest_route=\/wp\/v2\/posts\/1635\/revisions"}],"predecessor-version":[{"id":1641,"href":"http:\/\/psonikamien.org\/index.php?rest_route=\/wp\/v2\/posts\/1635\/revisions\/1641"}],"wp:attachment":[{"href":"http:\/\/psonikamien.org\/index.php?rest_route=%2Fwp%2Fv2%2Fmedia&parent=1635"}],"wp:term":[{"taxonomy":"category","embeddable":true,"href":"http:\/\/psonikamien.org\/index.php?rest_route=%2Fwp%2Fv2%2Fcategories&post=1635"},{"taxonomy":"post_tag","embeddable":true,"href":"http:\/\/psonikamien.org\/index.php?rest_route=%2Fwp%2Fv2%2Ftags&post=1635"}],"curies":[{"name":"wp","href":"https:\/\/api.w.org\/{rel}","templated":true}]}}