{"id":169,"date":"2017-09-19T11:24:36","date_gmt":"2017-09-19T09:24:36","guid":{"rendered":"http:\/\/psonikamien.org\/?p=169"},"modified":"2017-09-19T11:28:14","modified_gmt":"2017-09-19T09:28:14","slug":"zapytanie-ofertowe-2","status":"publish","type":"post","link":"http:\/\/psonikamien.org\/?p=169","title":{"rendered":"ZAPYTANIE OFERTOWE"},"content":{"rendered":"<p align=\"left\">Zapytanie ofertowe dotycz\u0105ce z\u0142o\u017cenia oferty na stanowisko prowadz\u0105cego zaj\u0119cia Integracji Sensorycznej na potrzeby projektu pn. <span style=\"font-size: small;\"><span lang=\"pl-PL\"><i>\u201e<\/i><\/span><\/span><span style=\"font-size: medium;\"><span lang=\"pl-PL\"><i>LEPSZY START\u201d <\/i><\/span><\/span><span style=\"font-size: medium;\"><span lang=\"pl-PL\"><i>(<\/i><\/span><\/span><span style=\"font-size: medium;\"><span lang=\"pl-PL\"><i>dodatkowa oferta edukacyjna i specjalistyczna umo\u017cliwiaj\u0105ca dziecku z niepe\u0142nosprawno\u015bci\u0105 udzia\u0142 w wychowaniu przedszkolnym poprzez <\/i><\/span><\/span><span style=\"font-size: medium;\"><i>wyr\u00f3wn<\/i><\/span><span style=\"font-size: medium;\"><i>yw<\/i><\/span><span style=\"font-size: medium;\"><i>anie deficytu wynikaj<\/i><\/span><span style=\"font-size: medium;\"><i>\u0105<\/i><\/span><span style=\"font-size: medium;\"><i>cego z niepe<\/i><\/span><span style=\"font-size: medium;\"><i>\u0142<\/i><\/span><span style=\"font-size: medium;\"><i>nosprawno\u015bci<\/i><\/span><span style=\"font-size: medium;\"><i>). <\/i><\/span> <span style=\"font-family: 'Liberation Serif', serif;\"><span style=\"font-size: medium;\">R<\/span><\/span><span style=\"font-family: 'Liberation Serif', serif;\"><span style=\"font-size: medium;\">ealizowany przez Niepubliczne Przedszkole Integracyjne <\/span><\/span><span style=\"font-family: 'Liberation Serif', serif;\"><span style=\"font-size: medium;\"><span lang=\"pl-PL\">w Kamieniu Pomorski<\/span><\/span><\/span><span style=\"font-family: 'Liberation Serif', serif;\"><span style=\"font-size: medium;\"><span lang=\"pl-PL\">m. <\/span><\/span><\/span><span style=\"font-size: medium;\"> RPZP.08.01.00-32-K007\/17 &#8211; <\/span><span style=\"font-size: medium;\">19.09.2017 r.<\/span><\/p>\n<p align=\"left\"><a href=\"http:\/\/psonikamien.org\/wp-content\/uploads\/2017\/09\/zapytanie-ofertowe-SI.pdf\">zapytanie ofertowe SI<\/a><\/p>\n","protected":false},"excerpt":{"rendered":"<p>Zapytanie ofertowe dotycz\u0105ce z\u0142o\u017cenia oferty na stanowisko prowadz\u0105cego zaj\u0119cia Integracji Sensorycznej na potrzeby projektu pn. \u201eLEPSZY START\u201d (dodatkowa oferta edukacyjna i specjalistyczna umo\u017cliwiaj\u0105ca dziecku z niepe\u0142nosprawno\u015bci\u0105 udzia\u0142 w wychowaniu przedszkolnym poprzez wyr\u00f3wnywanie deficytu wynikaj\u0105cego z niepe\u0142nosprawno\u015bci). Realizowany przez Niepubliczne Przedszkole Integracyjne w Kamieniu Pomorskim. RPZP.08.01.00-32-K007\/17 &#8211; 19.09.2017 r. zapytanie ofertowe SI<\/p>\n","protected":false},"author":2,"featured_media":0,"comment_status":"closed","ping_status":"closed","sticky":false,"template":"","format":"standard","meta":{"footnotes":""},"categories":[1],"tags":[],"class_list":["post-169","post","type-post","status-publish","format-standard","hentry","category-bez-kategorii"],"_links":{"self":[{"href":"http:\/\/psonikamien.org\/index.php?rest_route=\/wp\/v2\/posts\/169","targetHints":{"allow":["GET"]}}],"collection":[{"href":"http:\/\/psonikamien.org\/index.php?rest_route=\/wp\/v2\/posts"}],"about":[{"href":"http:\/\/psonikamien.org\/index.php?rest_route=\/wp\/v2\/types\/post"}],"author":[{"embeddable":true,"href":"http:\/\/psonikamien.org\/index.php?rest_route=\/wp\/v2\/users\/2"}],"replies":[{"embeddable":true,"href":"http:\/\/psonikamien.org\/index.php?rest_route=%2Fwp%2Fv2%2Fcomments&post=169"}],"version-history":[{"count":1,"href":"http:\/\/psonikamien.org\/index.php?rest_route=\/wp\/v2\/posts\/169\/revisions"}],"predecessor-version":[{"id":171,"href":"http:\/\/psonikamien.org\/index.php?rest_route=\/wp\/v2\/posts\/169\/revisions\/171"}],"wp:attachment":[{"href":"http:\/\/psonikamien.org\/index.php?rest_route=%2Fwp%2Fv2%2Fmedia&parent=169"}],"wp:term":[{"taxonomy":"category","embeddable":true,"href":"http:\/\/psonikamien.org\/index.php?rest_route=%2Fwp%2Fv2%2Fcategories&post=169"},{"taxonomy":"post_tag","embeddable":true,"href":"http:\/\/psonikamien.org\/index.php?rest_route=%2Fwp%2Fv2%2Ftags&post=169"}],"curies":[{"name":"wp","href":"https:\/\/api.w.org\/{rel}","templated":true}]}}