{"id":194,"date":"2017-09-29T12:55:50","date_gmt":"2017-09-29T10:55:50","guid":{"rendered":"http:\/\/psonikamien.org\/?p=194"},"modified":"2017-09-29T12:55:50","modified_gmt":"2017-09-29T10:55:50","slug":"projekt-lepszy-start","status":"publish","type":"post","link":"http:\/\/psonikamien.org\/?p=194","title":{"rendered":"Projekt &#8222;Lepszy Start&#8221;"},"content":{"rendered":"<p align=\"center\">\n<p><a href=\"http:\/\/psonikamien.org\/wp-content\/uploads\/2017\/09\/8.1logo.jpg\" data-rel=\"lightbox-image-0\" data-rl_title=\"\" data-rl_caption=\"\" title=\"\"><img loading=\"lazy\" decoding=\"async\" class=\"alignnone size-medium wp-image-195\" src=\"http:\/\/psonikamien.org\/wp-content\/uploads\/2017\/09\/8.1logo-300x63.jpg\" alt=\"\" width=\"300\" height=\"63\" \/><\/a><\/p>\n<p align=\"justify\">\n<p align=\"justify\"><span style=\"font-family: 'Times New Roman', serif;\"><span style=\"font-size: medium;\"><b>Polskie Stowarzyszenie na rzecz Os\u00f3b z Niepe\u0142nosprawno\u015bci\u0105 Intelektualn\u0105 Ko\u0142o w Kamieniu Pomorskim informuje, \u017ce od dnia 02.10.2017 roku rozpoczyna <\/b><b>projek<\/b><b>t<\/b><b> \u201e<\/b><b>Lepszy Start\u201d <\/b><span lang=\"pl-PL\"><b>w<\/b><\/span><span lang=\"pl-PL\"><b>sp\u00f3\u0142finansowany <\/b><\/span><span lang=\"pl-PL\"><b>przez Uni<\/b><\/span><span lang=\"pl-PL\"><b>\u0119<\/b><\/span><span lang=\"pl-PL\"><b> Europejsk\u0105<\/b><\/span><span lang=\"pl-PL\"><b> w ramach <\/b><\/span><span lang=\"pl-PL\"><b>E<\/b><\/span><span lang=\"pl-PL\"><b>uropejskiego <\/b><\/span><span lang=\"pl-PL\"><b>F<\/b><\/span><span lang=\"pl-PL\"><b>unduszu <\/b><\/span><span lang=\"pl-PL\"><b>S<\/b><\/span><span lang=\"pl-PL\"><b>po\u0142ecznego, <\/b><\/span><b> <\/b><span lang=\"pl-PL\"><b>Konkurs nr: <\/b><\/span><span lang=\"pl-PL\"><i><b>RPZP.08.01.00-IP.02-32-K19\/17, <\/b><\/i><\/span><span lang=\"pl-PL\"><b>realizowany <\/b><\/span><span lang=\"pl-PL\"><b>p<\/b><\/span><span lang=\"pl-PL\"><b>rzez Niepubliczne Przedszkole Integracyjne <\/b><\/span><span lang=\"pl-PL\"><b>w Kamieniu Pomorski<\/b><\/span><span lang=\"pl-PL\"><b>m. <\/b><\/span><span lang=\"pl-PL\"><b>w okresie od 2 pa\u017adziernika roku 2017 do 30 wrze\u015bnia roku 2018.<\/b><\/span><\/span><\/span><\/p>\n<p align=\"justify\"><span style=\"font-family: 'Times New Roman', serif;\"><span style=\"font-size: medium;\">Projekt \u201eLepszy Start\u201d skierowany jest do dzieci w wieku ucz\u0119szczaj\u0105cych do Niepublicznego Przedszkola Integracyjnego w Kamieniu Pomorskim.<\/span><\/span><\/p>\n<p align=\"justify\"><span style=\"font-family: 'Times New Roman', serif;\"><span style=\"font-size: medium;\">Zak\u0142ada <\/span><\/span><span style=\"font-family: 'Times New Roman', serif;\"><span style=\"font-size: medium;\"><span lang=\"pl-PL\">on, \u017ce dzieci <\/span><\/span><\/span><span style=\"font-family: 'Times New Roman', serif;\"><span style=\"font-size: medium;\"><span lang=\"pl-PL\">z orzeczeniami <\/span><\/span><\/span><span style=\"font-family: 'Times New Roman', serif;\"><span style=\"font-size: medium;\"><span lang=\"pl-PL\">skorzystaj\u0105 z <\/span><\/span><\/span><span style=\"font-family: 'Times New Roman', serif;\"><span style=\"font-size: medium;\"><span lang=\"pl-PL\">dodatkow<\/span><\/span><\/span><span style=\"font-family: 'Times New Roman', serif;\"><span style=\"font-size: medium;\"><span lang=\"pl-PL\">ej<\/span><\/span><\/span><span style=\"font-family: 'Times New Roman', serif;\"><span style=\"font-size: medium;\"><span lang=\"pl-PL\"> ofert<\/span><\/span><\/span><span style=\"font-family: 'Times New Roman', serif;\"><span style=\"font-size: medium;\"><span lang=\"pl-PL\">y <\/span><\/span><\/span><span style=\"font-family: 'Times New Roman', serif;\"><span style=\"font-size: medium;\"><span lang=\"pl-PL\">edukacyjn<\/span><\/span><\/span><span style=\"font-family: 'Times New Roman', serif;\"><span style=\"font-size: medium;\"><span lang=\"pl-PL\">ej<\/span><\/span><\/span><span style=\"font-family: 'Times New Roman', serif;\"><span style=\"font-size: medium;\"><span lang=\"pl-PL\"> i specjalistyczn<\/span><\/span><\/span><span style=\"font-family: 'Times New Roman', serif;\"><span style=\"font-size: medium;\"><span lang=\"pl-PL\">ej<\/span><\/span><\/span><span style=\"font-family: 'Times New Roman', serif;\"><span style=\"font-size: medium;\"><span lang=\"pl-PL\"> umo\u017cliwiaj\u0105c<\/span><\/span><\/span><span style=\"font-family: 'Times New Roman', serif;\"><span style=\"font-size: medium;\"><span lang=\"pl-PL\">ej im<\/span><\/span><\/span><span style=\"font-family: 'Times New Roman', serif;\"><span style=\"font-size: medium;\"><span lang=\"pl-PL\"> udzia\u0142 w wychowaniu przedszkolnym poprzez <\/span><\/span><\/span><span style=\"font-family: 'Times New Roman', serif;\"><span style=\"font-size: medium;\">wyr\u00f3wnanie deficytu wynikaj\u0105cego z <\/span><\/span><span style=\"font-family: 'Times New Roman', serif;\"><span style=\"font-size: medium;\">ich<\/span><\/span><span style=\"font-family: 'Times New Roman', serif;\"><span style=\"font-size: medium;\"> niepe\u0142nosprawno\u015bci i <\/span><\/span><span style=\"font-family: 'Times New Roman', serif;\"><span style=\"font-size: medium;\">b\u0119dzie to<\/span><\/span><span style=\"font-family: 'Times New Roman', serif;\"><span style=\"font-size: medium;\">: terapia psychologiczna, logopedyczna, pedagogiczna, <\/span><\/span><span style=\"font-family: 'Times New Roman', serif;\"><span style=\"font-size: medium;\">behawioralna<\/span><\/span> <span style=\"font-family: 'Times New Roman', serif;\"><span style=\"font-size: medium;\">oraz <\/span><\/span><span style=\"font-family: 'Times New Roman', serif;\"><span style=\"font-size: medium;\">gimnastyka korekcyjna\/ rehabilitacja, arteterapia, kynoterapia, <\/span><\/span><span style=\"font-family: 'Times New Roman', serif;\"><span style=\"font-size: medium;\">hipoterapia,<\/span><\/span><span style=\"font-family: 'Times New Roman', serif;\"><span style=\"font-size: medium;\"> NDT Bobath, Integracja Sensoryczna, zaj\u0119cia z tablic\u0105 multimedialn\u0105 \/ nowe technologie, <\/span><\/span><span style=\"font-family: 'Times New Roman', serif;\"><span style=\"font-size: medium;\">z<\/span><\/span><span style=\"font-family: 'Times New Roman', serif;\"><span style=\"font-size: medium;\">aj\u0119cia na na basenie.<\/span><\/span><\/p>\n<p align=\"justify\"><span style=\"font-family: 'Times New Roman', serif;\"><span style=\"font-size: medium;\">Wyd\u0142u\u017cone zostan\u0105 godziny pracy Niepublicznego Przedszkola Integracyjnego 6.30-17.30.<\/span><\/span><\/p>\n<p align=\"justify\"><span style=\"font-family: 'Times New Roman', serif;\"><span style=\"font-size: medium;\">Szczeg\u00f3\u0142y w zak\u0142adce projekty &#8211; &#8222;Lepszy Start&#8221;<\/span><\/span><\/p>\n","protected":false},"excerpt":{"rendered":"<p>Polskie Stowarzyszenie na rzecz Os\u00f3b z Niepe\u0142nosprawno\u015bci\u0105 Intelektualn\u0105 Ko\u0142o w Kamieniu Pomorskim informuje, \u017ce od dnia 02.10.2017 roku rozpoczyna projekt \u201eLepszy Start\u201d wsp\u00f3\u0142finansowany przez Uni\u0119 Europejsk\u0105 w ramach Europejskiego Funduszu Spo\u0142ecznego, Konkurs nr: RPZP.08.01.00-IP.02-32-K19\/17, realizowany przez Niepubliczne Przedszkole Integracyjne w Kamieniu Pomorskim. w okresie od 2 pa\u017adziernika roku 2017 do 30 wrze\u015bnia roku 2018. Projekt [&hellip;]<\/p>\n","protected":false},"author":2,"featured_media":0,"comment_status":"closed","ping_status":"closed","sticky":false,"template":"","format":"standard","meta":{"footnotes":""},"categories":[1],"tags":[],"class_list":["post-194","post","type-post","status-publish","format-standard","hentry","category-bez-kategorii"],"_links":{"self":[{"href":"http:\/\/psonikamien.org\/index.php?rest_route=\/wp\/v2\/posts\/194","targetHints":{"allow":["GET"]}}],"collection":[{"href":"http:\/\/psonikamien.org\/index.php?rest_route=\/wp\/v2\/posts"}],"about":[{"href":"http:\/\/psonikamien.org\/index.php?rest_route=\/wp\/v2\/types\/post"}],"author":[{"embeddable":true,"href":"http:\/\/psonikamien.org\/index.php?rest_route=\/wp\/v2\/users\/2"}],"replies":[{"embeddable":true,"href":"http:\/\/psonikamien.org\/index.php?rest_route=%2Fwp%2Fv2%2Fcomments&post=194"}],"version-history":[{"count":2,"href":"http:\/\/psonikamien.org\/index.php?rest_route=\/wp\/v2\/posts\/194\/revisions"}],"predecessor-version":[{"id":197,"href":"http:\/\/psonikamien.org\/index.php?rest_route=\/wp\/v2\/posts\/194\/revisions\/197"}],"wp:attachment":[{"href":"http:\/\/psonikamien.org\/index.php?rest_route=%2Fwp%2Fv2%2Fmedia&parent=194"}],"wp:term":[{"taxonomy":"category","embeddable":true,"href":"http:\/\/psonikamien.org\/index.php?rest_route=%2Fwp%2Fv2%2Fcategories&post=194"},{"taxonomy":"post_tag","embeddable":true,"href":"http:\/\/psonikamien.org\/index.php?rest_route=%2Fwp%2Fv2%2Ftags&post=194"}],"curies":[{"name":"wp","href":"https:\/\/api.w.org\/{rel}","templated":true}]}}